{"id":2564,"date":"2016-02-18T10:15:46","date_gmt":"2016-02-18T09:15:46","guid":{"rendered":"http:\/\/kammerpoetane.com\/?p=2564"},"modified":"2016-08-24T09:45:15","modified_gmt":"2016-08-24T07:45:15","slug":"poesikonsert-i-stiklestad-kirke","status":"publish","type":"post","link":"https:\/\/kammerpoetane.com\/?p=2564","title":{"rendered":"Poesikonsert i Stiklestad kirke"},"content":{"rendered":"<div class=\"fcbkbttn_buttons_block\" id=\"fcbkbttn_left\"><div class=\"fcbkbttn_button\">\n                            <a href=\"https:\/\/www.facebook.com\/\" target=\"_blank\">\n                                <img src=\"https:\/\/kammerpoetane.com\/wp-content\/plugins\/facebook-button-plugin\/images\/standard-facebook-ico.png\" alt=\"Fb-Button\" \/>\n                            <\/a>\n                        <\/div><div class=\"fcbkbttn_like \"><fb:like href=\"https:\/\/kammerpoetane.com\/?p=2564\" action=\"like\" colorscheme=\"light\" layout=\"standard\"  width=\"225px\" size=\"small\"><\/fb:like><\/div><\/div><div id=\"attachment_2565\" style=\"width: 430px\" class=\"wp-caption alignnone\"><a href=\"http:\/\/kammerpoetane.com\/poesikonsert-i-stiklestad-kirke\/stiklestad_kirke\/\" rel=\"attachment wp-att-2565\"><img aria-describedby=\"caption-attachment-2565\" loading=\"lazy\" class=\"wp-image-2565 size-thumbnail\" src=\"http:\/\/kammerpoetane.com\/wp-content\/uploads\/2016\/02\/Stiklestad_kirke-420x334.jpg\" alt=\"\" width=\"420\" height=\"334\" srcset=\"https:\/\/kammerpoetane.com\/wp-content\/uploads\/2016\/02\/Stiklestad_kirke-420x334.jpg 420w, https:\/\/kammerpoetane.com\/wp-content\/uploads\/2016\/02\/Stiklestad_kirke-744x591.jpg 744w, https:\/\/kammerpoetane.com\/wp-content\/uploads\/2016\/02\/Stiklestad_kirke-768x610.jpg 768w, https:\/\/kammerpoetane.com\/wp-content\/uploads\/2016\/02\/Stiklestad_kirke-676x537.jpg 676w, https:\/\/kammerpoetane.com\/wp-content\/uploads\/2016\/02\/Stiklestad_kirke.jpg 1170w\" sizes=\"(max-width: 420px) 100vw, 420px\" \/><\/a><p id=\"caption-attachment-2565\" class=\"wp-caption-text\">By I, Robert Eliassen, CC BY-SA 3.0, https:\/\/commons.wikimedia.org\/w\/index.php?curid=2317286<\/p><\/div>\n<p><strong>Sted:<\/strong>\u00a0<a href=\"https:\/\/www.google.no\/url?sa=t&amp;rct=j&amp;q=&amp;esrc=s&amp;source=web&amp;cd=1&amp;cad=rja&amp;uact=8&amp;ved=0ahUKEwiN2dra-oDLAhXG_iwKHXdWANAQFggcMAA&amp;url=https%3A%2F%2Fno.wikipedia.org%2Fwiki%2FStiklestad_kirke&amp;usg=AFQjCNFdSG-sVcQBcQPP3UVOUHfhKXDqeQ&amp;sig2=FgStZTeG4LzUCoq7eQP45A\">Stiklestad kirke<\/a><br \/>\n<strong>Tid:<\/strong>\u00a0Onsdag 27.07.2016,\u00a017.30-18.30<br \/>\n<strong>Medvirkende:<\/strong>\u00a0Kammerpoetane<\/p>\n<p><a href=\"http:\/\/kammerpoetane.com\/wp-content\/uploads\/2016\/07\/Program_Stiklestad_2016-v2.pdf\">Program<\/a><\/p>\n<p>Kammerpoetane inviterer i samarbeid med\u00a0<a href=\"http:\/\/www.sikirken.no\/\">S\u00f8r Innherad Prosti<\/a>\u00a0til poesikonsert i Stiklestad kirke. \u00a0Konserten finner sted under festivalen\u00a0<a href=\"http:\/\/stiklestad.no\/opplevelser\/olsokdagene-pa-stiklestad\/\">Olsokdagane p\u00e5 Stiklestad<\/a>, s\u00e5\u00a0 her vil det v\u00e6re gode muligheter for \u00e5 f\u00e5 med seg flere kulturelle godbiter.<\/p>\n<p>Inngang: 150,- Billetter selges i d\u00f8ra.<\/p>\n<p>&nbsp;<\/p>\n","protected":false},"excerpt":{"rendered":"<p>Sted:\u00a0Stiklestad kirke Tid:\u00a0Onsdag 27.07.2016,\u00a017.30-18.30 Medvirkende:\u00a0Kammerpoetane Program Kammerpoetane inviterer i samarbeid med\u00a0S\u00f8r Innherad Prosti\u00a0til poesikonsert i Stiklestad kirke. \u00a0Konserten finner sted under festivalen\u00a0Olsokdagane p\u00e5 Stiklestad, s\u00e5\u00a0 her vil det v\u00e6re gode muligheter for \u00e5 f\u00e5 med seg flere kulturelle godbiter. Inngang: 150,- Billetter selges i d\u00f8ra. &nbsp;<\/p>\n","protected":false},"author":5,"featured_media":0,"comment_status":"closed","ping_status":"closed","sticky":false,"template":"","format":"standard","meta":[],"categories":[9],"tags":[],"_links":{"self":[{"href":"https:\/\/kammerpoetane.com\/index.php?rest_route=\/wp\/v2\/posts\/2564"}],"collection":[{"href":"https:\/\/kammerpoetane.com\/index.php?rest_route=\/wp\/v2\/posts"}],"about":[{"href":"https:\/\/kammerpoetane.com\/index.php?rest_route=\/wp\/v2\/types\/post"}],"author":[{"embeddable":true,"href":"https:\/\/kammerpoetane.com\/index.php?rest_route=\/wp\/v2\/users\/5"}],"replies":[{"embeddable":true,"href":"https:\/\/kammerpoetane.com\/index.php?rest_route=%2Fwp%2Fv2%2Fcomments&post=2564"}],"version-history":[{"count":9,"href":"https:\/\/kammerpoetane.com\/index.php?rest_route=\/wp\/v2\/posts\/2564\/revisions"}],"predecessor-version":[{"id":2727,"href":"https:\/\/kammerpoetane.com\/index.php?rest_route=\/wp\/v2\/posts\/2564\/revisions\/2727"}],"wp:attachment":[{"href":"https:\/\/kammerpoetane.com\/index.php?rest_route=%2Fwp%2Fv2%2Fmedia&parent=2564"}],"wp:term":[{"taxonomy":"category","embeddable":true,"href":"https:\/\/kammerpoetane.com\/index.php?rest_route=%2Fwp%2Fv2%2Fcategories&post=2564"},{"taxonomy":"post_tag","embeddable":true,"href":"https:\/\/kammerpoetane.com\/index.php?rest_route=%2Fwp%2Fv2%2Ftags&post=2564"}],"curies":[{"name":"wp","href":"https:\/\/api.w.org\/{rel}","templated":true}]}}