{"id":2657,"date":"2016-03-30T15:35:15","date_gmt":"2016-03-30T13:35:15","guid":{"rendered":"http:\/\/kammerpoetane.com\/?p=2657"},"modified":"2016-04-25T14:05:57","modified_gmt":"2016-04-25T12:05:57","slug":"poesikonsert-pa-rangoy","status":"publish","type":"post","link":"https:\/\/kammerpoetane.com\/?p=2657","title":{"rendered":"Poesikonsert p\u00e5 Rang\u00f8y"},"content":{"rendered":"<div class=\"fcbkbttn_buttons_block\" id=\"fcbkbttn_left\"><div class=\"fcbkbttn_button\">\n                            <a href=\"https:\/\/www.facebook.com\/\" target=\"_blank\">\n                                <img src=\"https:\/\/kammerpoetane.com\/wp-content\/plugins\/facebook-button-plugin\/images\/standard-facebook-ico.png\" alt=\"Fb-Button\" \/>\n                            <\/a>\n                        <\/div><div class=\"fcbkbttn_like \"><fb:like href=\"https:\/\/kammerpoetane.com\/?p=2657\" action=\"like\" colorscheme=\"light\" layout=\"standard\"  width=\"225px\" size=\"small\"><\/fb:like><\/div><\/div><p><a href=\"http:\/\/kammerpoetane.com\/poesikonsert-pa-rangoy\/rangoy\/\" rel=\"attachment wp-att-2658\"><img loading=\"lazy\" class=\"alignnone size-medium wp-image-2658\" src=\"http:\/\/kammerpoetane.com\/wp-content\/uploads\/2016\/03\/rang\u00f8y-744x446.jpg\" alt=\"rang\u00f8y\" width=\"744\" height=\"446\" srcset=\"https:\/\/kammerpoetane.com\/wp-content\/uploads\/2016\/03\/rang\u00f8y-744x446.jpg 744w, https:\/\/kammerpoetane.com\/wp-content\/uploads\/2016\/03\/rang\u00f8y-420x252.jpg 420w, https:\/\/kammerpoetane.com\/wp-content\/uploads\/2016\/03\/rang\u00f8y-768x461.jpg 768w, https:\/\/kammerpoetane.com\/wp-content\/uploads\/2016\/03\/rang\u00f8y-1200x720.jpg 1200w, https:\/\/kammerpoetane.com\/wp-content\/uploads\/2016\/03\/rang\u00f8y-676x405.jpg 676w, https:\/\/kammerpoetane.com\/wp-content\/uploads\/2016\/03\/rang\u00f8y.jpg 2048w\" sizes=\"(max-width: 744px) 100vw, 744px\" \/><\/a><\/p>\n<p><strong>Stad:\u00a0<\/strong>L\u00f8a p\u00e5 Rang\u00f8ya<br \/>\n<strong>Tid:<\/strong>\u00a0Laurdag\u00a023.04.2016, 20.00-22.00<\/p>\n<p>Kammerpoetane inviterer til poesikonsert i l\u00f8a p\u00e5 Rang\u00f8ya!<\/p>\n<p>\u00d8yvind Rang\u00f8y, dikt<br \/>\nKjell Ivar Sandvik, \u00a0dikt<br \/>\nElisabeth C. \u00d8streng, dikt<br \/>\nKnut Olav Daasvatn, dikt<br \/>\nSimen Kj\u00e6rsdalen, strengeinstrumenter<\/p>\n<p>Konserten er ein del av Kulturhelga Havglimt som g\u00e5r av stabelen p\u00e5 Rang\u00f8ya\u00a022-24 april. \u00a0Meir informasjon om Kulturhelga finn de p\u00e5 Facebook:\u00a0<a href=\"https:\/\/www.facebook.com\/events\/1740275442882526\/\">https:\/\/www.facebook.com\/events\/1740275442882526\/<\/a><\/p>\n<p>og progammet for helga finn du her:\u00a0<a href=\"http:\/\/www.nordmorerundt.no\/-\/event\/programme\/634736_kulturhelga-havglimt\" target=\"_blank\" rel=\"nofollow\" data-lynx-uri=\"http:\/\/l.facebook.com\/?u=http%3A%2F%2Fwww.nordmorerundt.no%2F-%2Fevent%2Fprogramme%2F634736_kulturhelga-havglimt&amp;e=ATNqO8I4SWoH3rx6iwN4BAHSxarwjAq3Sc12U58dUs2K3P4rJDzQHkVpiYXroDBf\">http:\/\/<wbr \/>www.nordmorerundt.no\/-\/<wbr \/>event\/programme\/<wbr \/>634736_kulturhelga-havglimt<\/a><\/p>\n","protected":false},"excerpt":{"rendered":"<p>Stad:\u00a0L\u00f8a p\u00e5 Rang\u00f8ya Tid:\u00a0Laurdag\u00a023.04.2016, 20.00-22.00 Kammerpoetane inviterer til poesikonsert i l\u00f8a p\u00e5 Rang\u00f8ya! \u00d8yvind Rang\u00f8y, dikt Kjell Ivar Sandvik, \u00a0dikt Elisabeth C. \u00d8streng, dikt Knut Olav Daasvatn, dikt Simen Kj\u00e6rsdalen, strengeinstrumenter Konserten er ein del av Kulturhelga Havglimt som g\u00e5r av stabelen p\u00e5 Rang\u00f8ya\u00a022-24 april. \u00a0Meir informasjon om Kulturhelga finn de p\u00e5 Facebook:\u00a0https:\/\/www.facebook.com\/events\/1740275442882526\/ og progammet [&hellip;]<\/p>\n","protected":false},"author":5,"featured_media":0,"comment_status":"closed","ping_status":"closed","sticky":false,"template":"","format":"standard","meta":[],"categories":[9],"tags":[],"_links":{"self":[{"href":"https:\/\/kammerpoetane.com\/index.php?rest_route=\/wp\/v2\/posts\/2657"}],"collection":[{"href":"https:\/\/kammerpoetane.com\/index.php?rest_route=\/wp\/v2\/posts"}],"about":[{"href":"https:\/\/kammerpoetane.com\/index.php?rest_route=\/wp\/v2\/types\/post"}],"author":[{"embeddable":true,"href":"https:\/\/kammerpoetane.com\/index.php?rest_route=\/wp\/v2\/users\/5"}],"replies":[{"embeddable":true,"href":"https:\/\/kammerpoetane.com\/index.php?rest_route=%2Fwp%2Fv2%2Fcomments&post=2657"}],"version-history":[{"count":4,"href":"https:\/\/kammerpoetane.com\/index.php?rest_route=\/wp\/v2\/posts\/2657\/revisions"}],"predecessor-version":[{"id":2662,"href":"https:\/\/kammerpoetane.com\/index.php?rest_route=\/wp\/v2\/posts\/2657\/revisions\/2662"}],"wp:attachment":[{"href":"https:\/\/kammerpoetane.com\/index.php?rest_route=%2Fwp%2Fv2%2Fmedia&parent=2657"}],"wp:term":[{"taxonomy":"category","embeddable":true,"href":"https:\/\/kammerpoetane.com\/index.php?rest_route=%2Fwp%2Fv2%2Fcategories&post=2657"},{"taxonomy":"post_tag","embeddable":true,"href":"https:\/\/kammerpoetane.com\/index.php?rest_route=%2Fwp%2Fv2%2Ftags&post=2657"}],"curies":[{"name":"wp","href":"https:\/\/api.w.org\/{rel}","templated":true}]}}