{"id":2780,"date":"2017-08-11T23:31:54","date_gmt":"2017-08-11T21:31:54","guid":{"rendered":"http:\/\/kammerpoetane.com\/?p=2780"},"modified":"2017-08-11T23:34:09","modified_gmt":"2017-08-11T21:34:09","slug":"minnekonsert-for-kjell-ivar-sandvik","status":"publish","type":"post","link":"https:\/\/kammerpoetane.com\/?p=2780","title":{"rendered":"Minnekonsert for Kjell Ivar Sandvik"},"content":{"rendered":"<div class=\"fcbkbttn_buttons_block\" id=\"fcbkbttn_left\"><div class=\"fcbkbttn_button\">\n                            <a href=\"https:\/\/www.facebook.com\/\" target=\"_blank\">\n                                <img src=\"https:\/\/kammerpoetane.com\/wp-content\/plugins\/facebook-button-plugin\/images\/standard-facebook-ico.png\" alt=\"Fb-Button\" \/>\n                            <\/a>\n                        <\/div><div class=\"fcbkbttn_like \"><fb:like href=\"https:\/\/kammerpoetane.com\/?p=2780\" action=\"like\" colorscheme=\"light\" layout=\"standard\"  width=\"225px\" size=\"small\"><\/fb:like><\/div><\/div><p><a href=\"http:\/\/kammerpoetane.com\/wp-content\/uploads\/2017\/08\/Kjell-Ivar.jpg\"><img loading=\"lazy\" class=\"alignnone size-medium wp-image-2783\" src=\"http:\/\/kammerpoetane.com\/wp-content\/uploads\/2017\/08\/Kjell-Ivar-744x496.jpg\" alt=\"Kjell Ivar\" width=\"744\" height=\"496\" srcset=\"https:\/\/kammerpoetane.com\/wp-content\/uploads\/2017\/08\/Kjell-Ivar-744x496.jpg 744w, https:\/\/kammerpoetane.com\/wp-content\/uploads\/2017\/08\/Kjell-Ivar-420x280.jpg 420w, https:\/\/kammerpoetane.com\/wp-content\/uploads\/2017\/08\/Kjell-Ivar-768x512.jpg 768w, https:\/\/kammerpoetane.com\/wp-content\/uploads\/2017\/08\/Kjell-Ivar-676x451.jpg 676w, https:\/\/kammerpoetane.com\/wp-content\/uploads\/2017\/08\/Kjell-Ivar.jpg 960w\" sizes=\"(max-width: 744px) 100vw, 744px\" \/><\/a><\/p>\n<p>Kjell Ivar Sandvik (f. 27\/2 &#8211; 1962) d\u00f8de 2. september 2016. Kammerpoetane holder en minnekonsert i Kristiansand, l\u00f8rdag 16. september kl 18. Kjell Ivar var et aktet medlem av Kammerpoetane. Han var ogs\u00e5 forfatter (4 diktb\u00f8ker), og gjendikter. Han dobbeltdebuterte i 2004 med diktsamlingen &raquo; Alternativt forlate hverandre&raquo; og &laquo;En vei til din d\u00f8r&raquo; hvor han i den sistnevnte gjendikter 28 av Bob Dylans sanger\/tekster. Kammerpoetane vil fremf\u00f8re Kjell Ivars egne dikt, samt et utvalg av v\u00e5re egne tekster, som vi vet han satte pris p\u00e5. Liv Reidun Hansen, fra Kammerpoetane, vil synge fra Kjell Ivars gjendiktning av Bob Dylan. Vi har ogs\u00e5 f\u00e5tt med oss lyrikeren Kjersti Bj\u00f8rkmo, som ogs\u00e5 var en n\u00e6r venn av Kjell Ivar. Konserten blir lavm\u00e6lt, akustisk, med vekt p\u00e5 det poetiske og dempede i de valgte fremf\u00f8relsene. Velkommen til en varm og personlig hyllest til lyrikeren, vennen, mennesket, v\u00e5r sterkt savnede Kammerpoet, Kjell Ivar Sandvik.<\/p>\n<p>Deltakere fra Kammerpoetane: Knut Olav Daasvatn, \u00d8yvind Rang\u00f8y, Cecilie Cottis \u00d8streng, Anne Elisabeth Danielsen, Hilde Susan J\u00e6gtnes, Simen Kj\u00e6rsdalen, Liv Reidun Hansen, Jan I.S\u00f8rensen, og Oddbj\u00f8rn Aardalen<br \/>\nGjestepoet: Kjersti Bj\u00f8rkmo<\/p>\n<p>Billetter til Poesikonserten selges i d\u00f8ra. Inngang: 150,- kroner<\/p>\n<p>Konserten var i ca. 2 timer &#8211; det blir servert kaffe midtveis i programmet.<\/p>\n","protected":false},"excerpt":{"rendered":"<p>Kjell Ivar Sandvik (f. 27\/2 &#8211; 1962) d\u00f8de 2. september 2016. Kammerpoetane holder en minnekonsert i Kristiansand, l\u00f8rdag 16. september kl 18. Kjell Ivar var et aktet medlem av Kammerpoetane. Han var ogs\u00e5 forfatter (4 diktb\u00f8ker), og gjendikter. Han dobbeltdebuterte i 2004 med diktsamlingen &raquo; Alternativt forlate hverandre&raquo; og &laquo;En vei til din d\u00f8r&raquo; hvor [&hellip;]<\/p>\n","protected":false},"author":3,"featured_media":0,"comment_status":"closed","ping_status":"closed","sticky":false,"template":"","format":"standard","meta":[],"categories":[1],"tags":[],"_links":{"self":[{"href":"https:\/\/kammerpoetane.com\/index.php?rest_route=\/wp\/v2\/posts\/2780"}],"collection":[{"href":"https:\/\/kammerpoetane.com\/index.php?rest_route=\/wp\/v2\/posts"}],"about":[{"href":"https:\/\/kammerpoetane.com\/index.php?rest_route=\/wp\/v2\/types\/post"}],"author":[{"embeddable":true,"href":"https:\/\/kammerpoetane.com\/index.php?rest_route=\/wp\/v2\/users\/3"}],"replies":[{"embeddable":true,"href":"https:\/\/kammerpoetane.com\/index.php?rest_route=%2Fwp%2Fv2%2Fcomments&post=2780"}],"version-history":[{"count":3,"href":"https:\/\/kammerpoetane.com\/index.php?rest_route=\/wp\/v2\/posts\/2780\/revisions"}],"predecessor-version":[{"id":2785,"href":"https:\/\/kammerpoetane.com\/index.php?rest_route=\/wp\/v2\/posts\/2780\/revisions\/2785"}],"wp:attachment":[{"href":"https:\/\/kammerpoetane.com\/index.php?rest_route=%2Fwp%2Fv2%2Fmedia&parent=2780"}],"wp:term":[{"taxonomy":"category","embeddable":true,"href":"https:\/\/kammerpoetane.com\/index.php?rest_route=%2Fwp%2Fv2%2Fcategories&post=2780"},{"taxonomy":"post_tag","embeddable":true,"href":"https:\/\/kammerpoetane.com\/index.php?rest_route=%2Fwp%2Fv2%2Ftags&post=2780"}],"curies":[{"name":"wp","href":"https:\/\/api.w.org\/{rel}","templated":true}]}}