{"id":2787,"date":"2017-10-25T10:34:37","date_gmt":"2017-10-25T08:34:37","guid":{"rendered":"http:\/\/kammerpoetane.com\/?p=2787"},"modified":"2017-11-07T20:26:45","modified_gmt":"2017-11-07T19:26:45","slug":"poesikonsert-i-ski-middelalderkirke","status":"publish","type":"post","link":"https:\/\/kammerpoetane.com\/?p=2787","title":{"rendered":"Poesikonsert i Ski middelalderkirke"},"content":{"rendered":"<div class=\"fcbkbttn_buttons_block\" id=\"fcbkbttn_left\"><div class=\"fcbkbttn_button\">\n                            <a href=\"https:\/\/www.facebook.com\/\" target=\"_blank\">\n                                <img src=\"https:\/\/kammerpoetane.com\/wp-content\/plugins\/facebook-button-plugin\/images\/standard-facebook-ico.png\" alt=\"Fb-Button\" \/>\n                            <\/a>\n                        <\/div><div class=\"fcbkbttn_like \"><fb:like href=\"https:\/\/kammerpoetane.com\/?p=2787\" action=\"like\" colorscheme=\"light\" layout=\"standard\"  width=\"225px\" size=\"small\"><\/fb:like><\/div><\/div><p><a href=\"http:\/\/kammerpoetane.com\/wp-content\/uploads\/2017\/10\/skigamlefbbilde2.jpg\"><img loading=\"lazy\" class=\"alignnone size-full wp-image-2788\" src=\"http:\/\/kammerpoetane.com\/wp-content\/uploads\/2017\/10\/skigamlefbbilde2.jpg\" alt=\"skigamlefbbilde2\" width=\"621\" height=\"387\" srcset=\"https:\/\/kammerpoetane.com\/wp-content\/uploads\/2017\/10\/skigamlefbbilde2.jpg 621w, https:\/\/kammerpoetane.com\/wp-content\/uploads\/2017\/10\/skigamlefbbilde2-420x262.jpg 420w\" sizes=\"(max-width: 621px) 100vw, 621px\" \/><\/a><\/p>\n<p><em><strong>Poesikonsert i Ski middelalderkirke, fredag 17. november &#8211; kl. 19:00-20:00<\/strong><\/em>.<\/p>\n<p>&nbsp;<\/p>\n<p><strong>Kammerpoetane<\/strong> inviterer til poesikonsert i\u00a0Ski middelalderkirke!<br \/>\nSki\u00a0middelalderkirke er en av v\u00e5re eldste kirker, datert ca. 1150<br \/>\nSki middelalderkirke ligger i Ski sokn i Nordre Follo prosti. Den er bygget i mur og ble oppf\u00f8rt i 1150. Kirken har langplan og 200 sitteplasser. Kirken har vernestatus fredet.<\/p>\n<p><strong>Om konserten<\/strong>: Vi byr p\u00e5 vekselvis musikalske innslag\/sang, og diktopplesninger. Akustisk. Dempet. Med ro og rom til refleksjon, ettertanke. En poesikonsert er: et godt sted \u00e5 v\u00e6re, en god f\u00f8lelse \u00e5 v\u00e6re i.<br \/>\nKonserten vil vare ca. \u00e9n time.<br \/>\nHjertelig velkommen til \u00e5 dele en lun og varm stund med oss!<\/p>\n<p>Fra\u00a0<strong>Kammerpoetane<\/strong>\u00a0deltar:<\/p>\n<p><em>Simen Kj\u00e6rsdalen<\/em> fremf\u00f8rer egne komposisjoner p\u00e5 mandola<br \/>\n<em>Cecilie Cottis \u00d8streng<\/em><br \/>\nog <em>Jan I.S\u00f8rensen<\/em>, leser egne dikt.<\/p>\n<p>I tillegg blir det en rekke bidrag fra flotte og spennende hedersgjester<br \/>\nsom supplerer konserten b\u00e5de med poesi, og instrumentale innslag:<\/p>\n<p><em>Heidi Steen Jensen<\/em>, fra \u00c5s<br \/>\nog <em>Bjarne Kjeldsen<\/em>, fra Siggerud, leser egne dikt<br \/>\n<em>Astraea Antal,<\/em>\u00a0fra Oppeg\u00e5rd,\u00a0spiller fl\u00f8yte(bl.a alto flute)<br \/>\n<em>Vidar Kol\u00e5s, <\/em>fra Gj\u00f8vik, leser egne dikt<\/p>\n<p>&nbsp;<\/p>\n<p>Billetter: 150\/100.- selges ved inngangen.<\/p>\n<p>&nbsp;<\/p>\n<p>&nbsp;<\/p>\n","protected":false},"excerpt":{"rendered":"<p>Poesikonsert i Ski middelalderkirke, fredag 17. november &#8211; kl. 19:00-20:00. &nbsp; Kammerpoetane inviterer til poesikonsert i\u00a0Ski middelalderkirke! Ski\u00a0middelalderkirke er en av v\u00e5re eldste kirker, datert ca. 1150 Ski middelalderkirke ligger i Ski sokn i Nordre Follo prosti. Den er bygget i mur og ble oppf\u00f8rt i 1150. Kirken har langplan og 200 sitteplasser. Kirken har [&hellip;]<\/p>\n","protected":false},"author":6,"featured_media":0,"comment_status":"closed","ping_status":"closed","sticky":false,"template":"","format":"standard","meta":[],"categories":[9],"tags":[],"_links":{"self":[{"href":"https:\/\/kammerpoetane.com\/index.php?rest_route=\/wp\/v2\/posts\/2787"}],"collection":[{"href":"https:\/\/kammerpoetane.com\/index.php?rest_route=\/wp\/v2\/posts"}],"about":[{"href":"https:\/\/kammerpoetane.com\/index.php?rest_route=\/wp\/v2\/types\/post"}],"author":[{"embeddable":true,"href":"https:\/\/kammerpoetane.com\/index.php?rest_route=\/wp\/v2\/users\/6"}],"replies":[{"embeddable":true,"href":"https:\/\/kammerpoetane.com\/index.php?rest_route=%2Fwp%2Fv2%2Fcomments&post=2787"}],"version-history":[{"count":4,"href":"https:\/\/kammerpoetane.com\/index.php?rest_route=\/wp\/v2\/posts\/2787\/revisions"}],"predecessor-version":[{"id":2795,"href":"https:\/\/kammerpoetane.com\/index.php?rest_route=\/wp\/v2\/posts\/2787\/revisions\/2795"}],"wp:attachment":[{"href":"https:\/\/kammerpoetane.com\/index.php?rest_route=%2Fwp%2Fv2%2Fmedia&parent=2787"}],"wp:term":[{"taxonomy":"category","embeddable":true,"href":"https:\/\/kammerpoetane.com\/index.php?rest_route=%2Fwp%2Fv2%2Fcategories&post=2787"},{"taxonomy":"post_tag","embeddable":true,"href":"https:\/\/kammerpoetane.com\/index.php?rest_route=%2Fwp%2Fv2%2Ftags&post=2787"}],"curies":[{"name":"wp","href":"https:\/\/api.w.org\/{rel}","templated":true}]}}